{"id":2060,"date":"2019-12-07T11:37:34","date_gmt":"2019-12-07T10:37:34","guid":{"rendered":"http:\/\/mok.kowary.pl\/?p=2060"},"modified":"2019-12-07T11:37:34","modified_gmt":"2019-12-07T10:37:34","slug":"wystawa-zdjec-osobistych","status":"publish","type":"post","link":"https:\/\/mok.kowary.pl\/index.php\/2019\/12\/07\/wystawa-zdjec-osobistych\/","title":{"rendered":"Wystawa zdj\u0119\u0107 osobistych"},"content":{"rendered":"<p>14 grudnia o godz. 18.00 w sali wystawowej MOK odb\u0119dzie si\u0119 wernisa\u017c wystawy &#8222;Nasza przygoda s Shotokan&#8221;. Zbieramy prywatne zdj\u0119cia kowarskich karatek\u00f3w, skanujemy, wydrukujemy je i poka\u017cemy na wystawie. Na wydrukach b\u0119dzie mo\u017cna opisywa\u0107 zdj\u0119cia &#8211; kto na nic jest, kt\u00f3ry to rok, jakie wydarzenie, mo\u017ce jaka\u015b anegdota sie trafi \ud83d\ude42 Stworzymy z tego taka nasz\u0105 ma\u0142\u0105 histori\u0119 karate.<br \/>\nJe\u015bli macie jakie\u015b zdj\u0119cia, kt\u00f3re chcecie pokaza\u0107 &#8211; przynie\u015bcie, zeskanujemy i wydrukujemy &#8211; czekamy do pi\u0105tku \ud83d\ude42<\/p>\n<p><img loading=\"lazy\" decoding=\"async\" class=\"alignnone size-full wp-image-2061\" src=\"http:\/\/mok.kowary.pl\/wp-content\/uploads\/2019\/12\/wystawa-karate.jpg\" alt=\"\" width=\"1920\" height=\"1080\" srcset=\"https:\/\/mok.kowary.pl\/wp-content\/uploads\/2019\/12\/wystawa-karate.jpg 1920w, https:\/\/mok.kowary.pl\/wp-content\/uploads\/2019\/12\/wystawa-karate-300x169.jpg 300w, https:\/\/mok.kowary.pl\/wp-content\/uploads\/2019\/12\/wystawa-karate-768x432.jpg 768w, https:\/\/mok.kowary.pl\/wp-content\/uploads\/2019\/12\/wystawa-karate-1024x576.jpg 1024w\" sizes=\"(max-width: 1920px) 100vw, 1920px\" \/><\/p>\n","protected":false},"excerpt":{"rendered":"<p>14 grudnia o godz. 18.00 w sali wystawowej MOK odb\u0119dzie si\u0119 wernisa\u017c wystawy &#8222;Nasza przygoda s Shotokan&#8221;. Zbieramy prywatne zdj\u0119cia kowarskich karatek\u00f3w, skanujemy, wydrukujemy je i poka\u017cemy na wystawie. Na wydrukach b\u0119dzie mo\u017cna opisywa\u0107 zdj\u0119cia &#8211; kto na nic jest, kt\u00f3ry to rok, jakie wydarzenie, mo\u017ce jaka\u015b anegdota sie trafi \ud83d\ude42 Stworzymy z tego taka [&hellip;]<\/p>\n","protected":false},"author":2,"featured_media":2061,"comment_status":"open","ping_status":"open","sticky":false,"template":"","format":"standard","meta":{"footnotes":""},"categories":[2,33,25],"tags":[],"_links":{"self":[{"href":"https:\/\/mok.kowary.pl\/index.php\/wp-json\/wp\/v2\/posts\/2060"}],"collection":[{"href":"https:\/\/mok.kowary.pl\/index.php\/wp-json\/wp\/v2\/posts"}],"about":[{"href":"https:\/\/mok.kowary.pl\/index.php\/wp-json\/wp\/v2\/types\/post"}],"author":[{"embeddable":true,"href":"https:\/\/mok.kowary.pl\/index.php\/wp-json\/wp\/v2\/users\/2"}],"replies":[{"embeddable":true,"href":"https:\/\/mok.kowary.pl\/index.php\/wp-json\/wp\/v2\/comments?post=2060"}],"version-history":[{"count":1,"href":"https:\/\/mok.kowary.pl\/index.php\/wp-json\/wp\/v2\/posts\/2060\/revisions"}],"predecessor-version":[{"id":2062,"href":"https:\/\/mok.kowary.pl\/index.php\/wp-json\/wp\/v2\/posts\/2060\/revisions\/2062"}],"wp:featuredmedia":[{"embeddable":true,"href":"https:\/\/mok.kowary.pl\/index.php\/wp-json\/wp\/v2\/media\/2061"}],"wp:attachment":[{"href":"https:\/\/mok.kowary.pl\/index.php\/wp-json\/wp\/v2\/media?parent=2060"}],"wp:term":[{"taxonomy":"category","embeddable":true,"href":"https:\/\/mok.kowary.pl\/index.php\/wp-json\/wp\/v2\/categories?post=2060"},{"taxonomy":"post_tag","embeddable":true,"href":"https:\/\/mok.kowary.pl\/index.php\/wp-json\/wp\/v2\/tags?post=2060"}],"curies":[{"name":"wp","href":"https:\/\/api.w.org\/{rel}","templated":true}]}}