{"id":2263,"date":"2020-05-29T11:04:53","date_gmt":"2020-05-29T09:04:53","guid":{"rendered":"http:\/\/mok.kowary.pl\/?p=2263"},"modified":"2020-05-29T11:08:08","modified_gmt":"2020-05-29T09:08:08","slug":"laureaci-w-konkursie-recytatorskim","status":"publish","type":"post","link":"https:\/\/mok.kowary.pl\/index.php\/2020\/05\/29\/laureaci-w-konkursie-recytatorskim\/","title":{"rendered":"Laureaci w konkursie recytatorskim"},"content":{"rendered":"<p>Nasz konkurs recytatorski \u201ePoezja w sieci dla dzieci\u201d zako\u0144czy\u0142 si\u0119 wy\u0142onieniem pi\u0119ciu laureat\u00f3w w dw\u00f3ch kategoriach, ale&#8230;<\/p>\n<p>przed nami jeszcze zabaw na Facebooku, gdzie mo\u017cecie g\u0142osowa\u0107 na poszczeg\u00f3lnych laureat\u00f3w daj\u0105c im pod filmem \u201elajka\u201d. Recytator z najwieksza ilo\u015bci\u0105 laik\u00f3w pod filmem umieszczonym na FB MOK w Kowarach otrzyma \u201enagrod\u0119 publiczno\u015bci\u201d. G\u0142osowanie trwa przez tydzie\u0144 od publikacji filmu.<\/p>\n<p>Filmy w kategorii szko\u0142a podstawowa klasy m\u0142odsze prezentowali\u015bmy 28 maja a 29 maja pokazujemy kategorie przedszkolak\u00f3w. Oto link do naszego Facebooka:<\/p>\n<p><a href=\"https:\/\/www.facebook.com\/mokkowary\/\">https:\/\/www.facebook.com\/mokkowary\/<\/a><\/p>\n<p>Po rozstrzygni\u0119ciu zabawy na FB (za tydzie\u0144) ustalimy, w jaki spos\u00f3b przeka\u017cemy Zwyci\u0119zcy dyplom i nagrod\u0119.<\/p>\n<p>Zapraszamy do zabawy.<\/p>\n<p><b>Protok\u00f3\u0142 jury<\/b><\/p>\n<p>&#8222;Poezja w Sieci Dla Dzieci&#8221;<\/p>\n<p>e &#8211; Konkurs Recytatorski dla dzieci w wieku przedszkolnym i szkolnym<\/p>\n<p>Wyniki<\/p>\n<p>Jury w sk\u0142adzie:<span class=\"Apple-converted-space\">\u00a0<\/span><\/p>\n<p>Danuta Bunij (MBP Kowary, aktorka Teatru 55)<br \/>\nBogumi\u0142a Donhefner (SP3 Kowary, aktorka Teatru 55)<br \/>\nAgnieszka Jakubik (MOK Kowary, Teatr 55)<\/p>\n<p>po zapoznaniu si\u0119 ze wszystkimi zg\u0142oszonymi do Konkursu prezentacjami postanawia przyzna\u0107 Finalistom r\u00f3wnorz\u0119dne nagrody ze wskazaniem na walory ka\u017cdego ze zg\u0142osze\u0144.<\/p>\n<p>Swoj\u0105 decyzj\u0119 Jury motywuje tym, \u017ce ka\u017cda z fina\u0142owych prezentacji zwr\u00f3ci\u0142a uwag\u0119 oceniaj\u0105cych szczeg\u00f3lnym, wyr\u00f3\u017cniaj\u0105cym elementem.<\/p>\n<p>Kolejno\u015b\u0107 Nagrodzonych w kategoriach jest alfabetyczna.<\/p>\n<p>Kategoria przedszkolna<\/p>\n<p>Wiktoria Jak\u00f3bowska &#8211; I Miejsce<span class=\"Apple-converted-space\">\u00a0<\/span><\/p>\n<p>za pi\u0119kn\u0105 wymow\u0119, interpretacj\u0119, wdzi\u0119k i og\u00f3lne wra\u017cenie artystyczne<\/p>\n<p>Basia Kali\u0144ska \u2013 I Miejsce<span class=\"Apple-converted-space\">\u00a0<\/span><\/p>\n<p>za wyb\u00f3r tekstu, spontaniczno\u015b\u0107 i urok osobisty<\/p>\n<p>Oliwier Kochman &#8211; I Miejsce<span class=\"Apple-converted-space\">\u00a0<\/span><\/p>\n<p>za wyb\u00f3r i zrozumienie tekstu, m\u0105dry przekaz oraz ciekaw\u0105 i przekonuj\u0105c\u0105 interpretacj\u0119<\/p>\n<p>Borys Miodowski &#8211; I Miejsce<span class=\"Apple-converted-space\">\u00a0<\/span><\/p>\n<p>za aktorsk\u0105 interpretacj\u0119, pi\u0119kn\u0105 wymow\u0119 oraz perfekcyjne opanowanie tekstu<\/p>\n<p>Gniewko Pawelec &#8211; I Miejsce<span class=\"Apple-converted-space\">\u00a0<\/span><\/p>\n<p>za urzekaj\u0105c\u0105 interpretacj\u0119, poczucie humoru, swobod\u0119 tw\u00f3rcz\u0105 i stylizacj\u0119<\/p>\n<p>Kategoria wczesnoszkolna<\/p>\n<p>Berenika B\u0105kowska &#8211; I Miejsce<span class=\"Apple-converted-space\">\u00a0<\/span><\/p>\n<p>za aktorsk\u0105 interpretacj\u0119, wykreowanie postaci oraz pomys\u0142owe i perfekcyjne wykorzystanie rekwizyt\u00f3w<\/p>\n<p>Katarzyna Engel \u2013 I Miejsce<span class=\"Apple-converted-space\">\u00a0<\/span><\/p>\n<p>za odwag\u0119 (Kasia zg\u0142osi\u0142a si\u0119 do Konkursu jako pierwsza) oraz piel\u0119gnowanie tradycji i patriotyzmu<\/p>\n<p>Julia Mazur &#8211; I Miejsce<span class=\"Apple-converted-space\">\u00a0<\/span><\/p>\n<p>za inwencj\u0119 tw\u00f3rcz\u0105, ciekawa interpretacj\u0119 i wykorzystanie rekwizyt\u00f3w<\/p>\n<p>Maja P\u0142uciennik &#8211; I Miejsce<span class=\"Apple-converted-space\">\u00a0<\/span><\/p>\n<p>mimik\u0119 i gestykulacj\u0119, pozytywn\u0105 energi\u0119 oraz aktorsk\u0105 swobod\u0119 przed kamer\u0105<\/p>\n<p>Ewa Stasiak &#8211; I Miejsce<span class=\"Apple-converted-space\">\u00a0<\/span><\/p>\n<p>za perfekcyjne opanowanie tekstu i bardzo ciekawe wykorzystanie rekwizyt\u00f3w<\/p>\n<p>Ponadto Jury postanowi\u0142o przyzna\u0107:<\/p>\n<p>Wyr\u00f3\u017cnienie Specjalne dla Bereniki B\u0105kowskiej<span class=\"Apple-converted-space\">\u00a0<\/span><\/p>\n<p>za kreatywno\u015b\u0107 i og\u00f3lny wyraz artystyczny.<\/p>\n<p>Od jutra na naszym Facebooku b\u0119dziemy prezentowa\u0107 nagrania laureat\u00f3w. B\u0119dzie mo\u017cna g\u0142osowa\u0107 \u2013 laureat, kt\u00f3ry otrzyma najwieksza liczb\u0119 \u201elajk\u00f3w\u201d pod filmem otrzyma \u201eNagrod\u0119 publiczno\u015bci\u201d.<\/p>\n<p>Laureaci po zako\u0144czeniu g\u0142osowania otrzymaj\u0105 dyplomy i nagrody \u2013 form\u0119 odbioru ustalimy indywidualnie.<\/p>\n","protected":false},"excerpt":{"rendered":"<p>Nasz konkurs recytatorski \u201ePoezja w sieci dla dzieci\u201d zako\u0144czy\u0142 si\u0119 wy\u0142onieniem pi\u0119ciu laureat\u00f3w w dw\u00f3ch kategoriach, ale&#8230; przed nami jeszcze zabaw na Facebooku, gdzie mo\u017cecie g\u0142osowa\u0107 na poszczeg\u00f3lnych laureat\u00f3w daj\u0105c im pod filmem \u201elajka\u201d. Recytator z najwieksza ilo\u015bci\u0105 laik\u00f3w pod filmem umieszczonym na FB MOK w Kowarach otrzyma \u201enagrod\u0119 publiczno\u015bci\u201d. G\u0142osowanie trwa przez tydzie\u0144 od [&hellip;]<\/p>\n","protected":false},"author":2,"featured_media":2248,"comment_status":"open","ping_status":"open","sticky":false,"template":"","format":"image","meta":{"footnotes":""},"categories":[2,16,39,33],"tags":[],"_links":{"self":[{"href":"https:\/\/mok.kowary.pl\/index.php\/wp-json\/wp\/v2\/posts\/2263"}],"collection":[{"href":"https:\/\/mok.kowary.pl\/index.php\/wp-json\/wp\/v2\/posts"}],"about":[{"href":"https:\/\/mok.kowary.pl\/index.php\/wp-json\/wp\/v2\/types\/post"}],"author":[{"embeddable":true,"href":"https:\/\/mok.kowary.pl\/index.php\/wp-json\/wp\/v2\/users\/2"}],"replies":[{"embeddable":true,"href":"https:\/\/mok.kowary.pl\/index.php\/wp-json\/wp\/v2\/comments?post=2263"}],"version-history":[{"count":3,"href":"https:\/\/mok.kowary.pl\/index.php\/wp-json\/wp\/v2\/posts\/2263\/revisions"}],"predecessor-version":[{"id":2266,"href":"https:\/\/mok.kowary.pl\/index.php\/wp-json\/wp\/v2\/posts\/2263\/revisions\/2266"}],"wp:featuredmedia":[{"embeddable":true,"href":"https:\/\/mok.kowary.pl\/index.php\/wp-json\/wp\/v2\/media\/2248"}],"wp:attachment":[{"href":"https:\/\/mok.kowary.pl\/index.php\/wp-json\/wp\/v2\/media?parent=2263"}],"wp:term":[{"taxonomy":"category","embeddable":true,"href":"https:\/\/mok.kowary.pl\/index.php\/wp-json\/wp\/v2\/categories?post=2263"},{"taxonomy":"post_tag","embeddable":true,"href":"https:\/\/mok.kowary.pl\/index.php\/wp-json\/wp\/v2\/tags?post=2263"}],"curies":[{"name":"wp","href":"https:\/\/api.w.org\/{rel}","templated":true}]}}