{"id":2313,"date":"2020-07-21T10:16:38","date_gmt":"2020-07-21T08:16:38","guid":{"rendered":"http:\/\/mok.kowary.pl\/?p=2313"},"modified":"2020-07-21T10:17:07","modified_gmt":"2020-07-21T08:17:07","slug":"czytanie-performatywna-sztuki-jacka-getnera","status":"publish","type":"post","link":"https:\/\/mok.kowary.pl\/index.php\/2020\/07\/21\/czytanie-performatywna-sztuki-jacka-getnera\/","title":{"rendered":"Czytanie performatywne sztuki Jacka Getnera"},"content":{"rendered":"<p><span class=\"_5mfr\"><span class=\"_6qdm\">\ud83d\udc49 W najbli\u017cszy pi\u0105tek\u00a0<\/span><\/span>\u00a0(24.07) o 20.00 zapraszamy na scenie przy ul. Jagiello\u0144czyka w Kowarach. B\u0119dzie teatralnie, komediowo i troch\u0119 strasznie <span class=\"_47e3 _5mfr\" title=\"Emotikon smile\"><img loading=\"lazy\" decoding=\"async\" class=\"img\" role=\"presentation\" src=\"https:\/\/static.xx.fbcdn.net\/images\/emoji.php\/v9\/teb\/2\/16\/1f642.png\" alt=\"\" width=\"16\" height=\"16\" \/><span class=\"_7oe\" aria-hidden=\"true\">\ud83d\ude42 Aktorzy naszego Teatru 55 przeczytaj\u0105 sztuk\u0119 Jacka Getnera &#8222;Nasz m\u0105\u017c nie \u017cyje&#8221;.<\/span><\/span><br \/>\nRezerwujcie sobie czas, my za\u0142atwimy kilkadziesi\u0105t krzese\u0142 przed scen\u0105 <span class=\"_47e3 _5mfr\" title=\"Emotikon smile\"><img loading=\"lazy\" decoding=\"async\" class=\"img\" role=\"presentation\" src=\"https:\/\/static.xx.fbcdn.net\/images\/emoji.php\/v9\/teb\/2\/16\/1f642.png\" alt=\"\" width=\"16\" height=\"16\" \/><span class=\"_7oe\" aria-hidden=\"true\">\ud83d\ude42<\/span><\/span><\/p>\n<p><img loading=\"lazy\" decoding=\"async\" class=\"alignnone size-full wp-image-2314\" src=\"http:\/\/mok.kowary.pl\/wp-content\/uploads\/2020\/07\/nasz-m\u0105\u017c-nie-\u017cyje-2.jpg\" alt=\"\" width=\"2480\" height=\"3508\" srcset=\"https:\/\/mok.kowary.pl\/wp-content\/uploads\/2020\/07\/nasz-m\u0105\u017c-nie-\u017cyje-2.jpg 2480w, https:\/\/mok.kowary.pl\/wp-content\/uploads\/2020\/07\/nasz-m\u0105\u017c-nie-\u017cyje-2-212x300.jpg 212w, https:\/\/mok.kowary.pl\/wp-content\/uploads\/2020\/07\/nasz-m\u0105\u017c-nie-\u017cyje-2-768x1086.jpg 768w, https:\/\/mok.kowary.pl\/wp-content\/uploads\/2020\/07\/nasz-m\u0105\u017c-nie-\u017cyje-2-724x1024.jpg 724w\" sizes=\"(max-width: 2480px) 100vw, 2480px\" \/><\/p>\n","protected":false},"excerpt":{"rendered":"<p>\ud83d\udc49 W najbli\u017cszy pi\u0105tek\u00a0\u00a0(24.07) o 20.00 zapraszamy na scenie przy ul. Jagiello\u0144czyka w Kowarach. B\u0119dzie teatralnie, komediowo i troch\u0119 strasznie \ud83d\ude42 Aktorzy naszego Teatru 55 przeczytaj\u0105 sztuk\u0119 Jacka Getnera &#8222;Nasz m\u0105\u017c nie \u017cyje&#8221;. Rezerwujcie sobie czas, my za\u0142atwimy kilkadziesi\u0105t krzese\u0142 przed scen\u0105 \ud83d\ude42<\/p>\n","protected":false},"author":2,"featured_media":2314,"comment_status":"open","ping_status":"open","sticky":false,"template":"","format":"standard","meta":{"footnotes":""},"categories":[2,27,33,15],"tags":[],"_links":{"self":[{"href":"https:\/\/mok.kowary.pl\/index.php\/wp-json\/wp\/v2\/posts\/2313"}],"collection":[{"href":"https:\/\/mok.kowary.pl\/index.php\/wp-json\/wp\/v2\/posts"}],"about":[{"href":"https:\/\/mok.kowary.pl\/index.php\/wp-json\/wp\/v2\/types\/post"}],"author":[{"embeddable":true,"href":"https:\/\/mok.kowary.pl\/index.php\/wp-json\/wp\/v2\/users\/2"}],"replies":[{"embeddable":true,"href":"https:\/\/mok.kowary.pl\/index.php\/wp-json\/wp\/v2\/comments?post=2313"}],"version-history":[{"count":2,"href":"https:\/\/mok.kowary.pl\/index.php\/wp-json\/wp\/v2\/posts\/2313\/revisions"}],"predecessor-version":[{"id":2316,"href":"https:\/\/mok.kowary.pl\/index.php\/wp-json\/wp\/v2\/posts\/2313\/revisions\/2316"}],"wp:featuredmedia":[{"embeddable":true,"href":"https:\/\/mok.kowary.pl\/index.php\/wp-json\/wp\/v2\/media\/2314"}],"wp:attachment":[{"href":"https:\/\/mok.kowary.pl\/index.php\/wp-json\/wp\/v2\/media?parent=2313"}],"wp:term":[{"taxonomy":"category","embeddable":true,"href":"https:\/\/mok.kowary.pl\/index.php\/wp-json\/wp\/v2\/categories?post=2313"},{"taxonomy":"post_tag","embeddable":true,"href":"https:\/\/mok.kowary.pl\/index.php\/wp-json\/wp\/v2\/tags?post=2313"}],"curies":[{"name":"wp","href":"https:\/\/api.w.org\/{rel}","templated":true}]}}