{"id":2711,"date":"2020-12-09T16:34:46","date_gmt":"2020-12-09T15:34:46","guid":{"rendered":"http:\/\/mok.kowary.pl\/?p=2711"},"modified":"2020-12-09T16:34:46","modified_gmt":"2020-12-09T15:34:46","slug":"rozstrzygniecie-konkursu-fotograficznego-drzewo","status":"publish","type":"post","link":"https:\/\/mok.kowary.pl\/index.php\/2020\/12\/09\/rozstrzygniecie-konkursu-fotograficznego-drzewo\/","title":{"rendered":"Rozstrzygni\u0119cie konkursu fotograficznego &#8222;Drzewo&#8221;"},"content":{"rendered":"<div class=\"\" data-block=\"true\" data-editor=\"agtu5\" data-offset-key=\"akha6-0-0\">\n<div class=\"_1mf _1mj\" data-offset-key=\"akha6-0-0\"><span data-offset-key=\"akha6-0-0\">DRZEWO &#8211; rozstrzygni\u0119cie e \u2013 Konkursu Fotograficznego <\/span><\/div>\n<\/div>\n<div class=\"\" data-block=\"true\" data-editor=\"agtu5\" data-offset-key=\"31ium-0-0\">\n<div class=\"_1mf _1mj\" data-offset-key=\"31ium-0-0\"><span data-offset-key=\"31ium-0-0\">Jury w sk\u0142adzie: <\/span><\/div>\n<\/div>\n<div class=\"\" data-block=\"true\" data-editor=\"agtu5\" data-offset-key=\"508ka-0-0\">\n<div class=\"_1mf _1mj\" data-offset-key=\"508ka-0-0\"><span data-offset-key=\"508ka-0-0\">\u0141ukasz Lewkowicz, <\/span><\/div>\n<\/div>\n<div class=\"\" data-block=\"true\" data-editor=\"agtu5\" data-offset-key=\"amh73-0-0\">\n<div class=\"_1mf _1mj\" data-offset-key=\"amh73-0-0\"><span data-offset-key=\"amh73-0-0\">Wojciech Miatkowski, <\/span><\/div>\n<\/div>\n<div class=\"\" data-block=\"true\" data-editor=\"agtu5\" data-offset-key=\"4ieac-0-0\">\n<div class=\"_1mf _1mj\" data-offset-key=\"4ieac-0-0\"><span data-offset-key=\"4ieac-0-0\">Pawe\u0142 Per\u0142owski <\/span><\/div>\n<\/div>\n<div class=\"\" data-block=\"true\" data-editor=\"agtu5\" data-offset-key=\"6kape-0-0\">\n<div class=\"_1mf _1mj\" data-offset-key=\"6kape-0-0\"><span data-offset-key=\"6kape-0-0\">przyzna\u0142o nast\u0119pujace nagrody i wyr\u00f3\u017cnienia:<\/span><\/div>\n<\/div>\n<div class=\"\" data-block=\"true\" data-editor=\"agtu5\" data-offset-key=\"62lm4-0-0\">\n<div class=\"_1mf _1mj\" data-offset-key=\"62lm4-0-0\"><span data-offset-key=\"62lm4-0-0\">\u00a0<\/span><\/div>\n<\/div>\n<div class=\"\" data-block=\"true\" data-editor=\"agtu5\" data-offset-key=\"epcd8-0-0\">\n<div class=\"_1mf _1mj\" data-offset-key=\"epcd8-0-0\"><span data-offset-key=\"epcd8-0-0\">Kategorii Doros\u0142ych<\/span><\/div>\n<\/div>\n<div class=\"\" data-block=\"true\" data-editor=\"agtu5\" data-offset-key=\"apch4-0-0\">\n<div class=\"_1mf _1mj\" data-offset-key=\"apch4-0-0\"><span data-offset-key=\"apch4-0-0\">I miejsce \u2013 Marta Korzeniowska &#8222;Kowarski Bonsai&#8221;<\/span><\/div>\n<\/div>\n<div class=\"\" data-block=\"true\" data-editor=\"agtu5\" data-offset-key=\"7uvut-0-0\">\n<div class=\"_1mf _1mj\" data-offset-key=\"7uvut-0-0\"><span data-offset-key=\"7uvut-0-0\">II miejsce \u2013 Dorota Burdach &#8222;Le\u015bna Powsinoga&#8221;<\/span><\/div>\n<\/div>\n<div class=\"\" data-block=\"true\" data-editor=\"agtu5\" data-offset-key=\"21r5g-0-0\">\n<div class=\"_1mf _1mj\" data-offset-key=\"21r5g-0-0\"><span data-offset-key=\"21r5g-0-0\">III miejsce \u2013 Barbara Krzan \u2013 Strupczewska &#8222;Uskrzydlony \u015awierk&#8221;<\/span><\/div>\n<\/div>\n<div class=\"\" data-block=\"true\" data-editor=\"agtu5\" data-offset-key=\"77ig-0-0\">\n<div class=\"_1mf _1mj\" data-offset-key=\"77ig-0-0\"><span data-offset-key=\"77ig-0-0\">\u00a0<\/span><\/div>\n<\/div>\n<div class=\"\" data-block=\"true\" data-editor=\"agtu5\" data-offset-key=\"fbtvj-0-0\">\n<div class=\"_1mf _1mj\" data-offset-key=\"fbtvj-0-0\"><span data-offset-key=\"fbtvj-0-0\">Kategoria Dzieci<\/span><\/div>\n<\/div>\n<div class=\"\" data-block=\"true\" data-editor=\"agtu5\" data-offset-key=\"b3mhn-0-0\">\n<div class=\"_1mf _1mj\" data-offset-key=\"b3mhn-0-0\"><span data-offset-key=\"b3mhn-0-0\">I miejsce \u2013 Filip Mr\u00f3zek &#8222;\u015awiate\u0142ko Nadziei&#8221;<\/span><\/div>\n<\/div>\n<div class=\"\" data-block=\"true\" data-editor=\"agtu5\" data-offset-key=\"qdp9-0-0\">\n<div class=\"_1mf _1mj\" data-offset-key=\"qdp9-0-0\"><span data-offset-key=\"qdp9-0-0\">wyr\u00f3\u017cnienie \u2013 Zuzanna Tyrawa &#8222;Le\u015bna Polana 2&#8221;<\/span><\/div>\n<\/div>\n<div class=\"\" data-block=\"true\" data-editor=\"agtu5\" data-offset-key=\"a8e9i-0-0\">\n<div class=\"_1mf _1mj\" data-offset-key=\"a8e9i-0-0\"><span data-offset-key=\"a8e9i-0-0\">\u00a0<\/span><\/div>\n<\/div>\n<div class=\"\" data-block=\"true\" data-editor=\"agtu5\" data-offset-key=\"a6km6-0-0\">\n<div class=\"_1mf _1mj\" data-offset-key=\"a6km6-0-0\"><span data-offset-key=\"a6km6-0-0\">Ponadto Organizatorzy Konkursu postanowili przyzna\u0107 nagrod\u0119 specjaln\u0105 za wykreowanie obrazem klimatu poetyckiej opowie\u015bci.<\/span><\/div>\n<\/div>\n<div class=\"\" data-block=\"true\" data-editor=\"agtu5\" data-offset-key=\"527j7-0-0\">\n<div class=\"_1mf _1mj\" data-offset-key=\"527j7-0-0\"><span data-offset-key=\"527j7-0-0\">dla Anny Janiszewskiej za zdj\u0119cie &#8222;Stra\u017cnik \u015bpi\u0105cych&#8221;(The guardian of the sleeping).<\/span><\/div>\n<\/div>\n<div class=\"\" data-block=\"true\" data-editor=\"agtu5\" data-offset-key=\"3jr53-0-0\">\n<div class=\"_1mf _1mj\" data-offset-key=\"3jr53-0-0\"><span data-offset-key=\"3jr53-0-0\">\u00a0<\/span><\/div>\n<\/div>\n<div class=\"\" data-block=\"true\" data-editor=\"agtu5\" data-offset-key=\"59iuu-0-0\">\n<div class=\"_1mf _1mj\" data-offset-key=\"59iuu-0-0\"><span data-offset-key=\"59iuu-0-0\">Nagrod\u0119 publiczno\u015bci otrzymuje: <\/span><\/div>\n<\/div>\n<div class=\"\" data-block=\"true\" data-editor=\"agtu5\" data-offset-key=\"fcgs1-0-0\">\n<div class=\"_1mf _1mj\" data-offset-key=\"fcgs1-0-0\"><span data-offset-key=\"fcgs1-0-0\">Barbara Krzan \u2013 Strupczewska &#8222;Uskrzydlony \u015awierk&#8221;<\/span><\/div>\n<\/div>\n<div class=\"\" data-block=\"true\" data-editor=\"agtu5\" data-offset-key=\"1qo2u-0-0\">\n<div class=\"_1mf _1mj\" data-offset-key=\"1qo2u-0-0\"><span data-offset-key=\"1qo2u-0-0\">\u00a0<\/span><\/div>\n<\/div>\n<div class=\"\" data-block=\"true\" data-editor=\"agtu5\" data-offset-key=\"1t2dl-0-0\">\n<div class=\"_1mf _1mj\" data-offset-key=\"1t2dl-0-0\"><span data-offset-key=\"1t2dl-0-0\">Nagrodzone osoby prosimy o kontakt w celu ustalenia sposobu odbioru nagrody.<\/span><\/div>\n<\/div>\n<div class=\"\" data-block=\"true\" data-editor=\"agtu5\" data-offset-key=\"d335d-0-0\">\n<div class=\"_1mf _1mj\" data-offset-key=\"d335d-0-0\"><span data-offset-key=\"d335d-0-0\">Dzi\u0119kujemy za udzia\u0142 \ud83d\ude42<\/span><\/div>\n<div data-offset-key=\"d335d-0-0\"><img loading=\"lazy\" decoding=\"async\" class=\"alignnone size-full wp-image-2712\" src=\"http:\/\/mok.kowary.pl\/wp-content\/uploads\/2020\/12\/Zrzut-ekranu-2020-12-9-o-16.28.19.png\" alt=\"\" width=\"1970\" height=\"634\" srcset=\"https:\/\/mok.kowary.pl\/wp-content\/uploads\/2020\/12\/Zrzut-ekranu-2020-12-9-o-16.28.19.png 1970w, https:\/\/mok.kowary.pl\/wp-content\/uploads\/2020\/12\/Zrzut-ekranu-2020-12-9-o-16.28.19-300x97.png 300w, https:\/\/mok.kowary.pl\/wp-content\/uploads\/2020\/12\/Zrzut-ekranu-2020-12-9-o-16.28.19-768x247.png 768w, https:\/\/mok.kowary.pl\/wp-content\/uploads\/2020\/12\/Zrzut-ekranu-2020-12-9-o-16.28.19-1024x330.png 1024w\" sizes=\"(max-width: 1970px) 100vw, 1970px\" \/><\/div>\n<\/div>\n","protected":false},"excerpt":{"rendered":"<p>DRZEWO &#8211; rozstrzygni\u0119cie e \u2013 Konkursu Fotograficznego Jury w sk\u0142adzie: \u0141ukasz Lewkowicz, Wojciech Miatkowski, Pawe\u0142 Per\u0142owski przyzna\u0142o nast\u0119pujace nagrody i wyr\u00f3\u017cnienia: \u00a0 Kategorii Doros\u0142ych I miejsce \u2013 Marta Korzeniowska &#8222;Kowarski Bonsai&#8221; II miejsce \u2013 Dorota Burdach &#8222;Le\u015bna Powsinoga&#8221; III miejsce \u2013 Barbara Krzan \u2013 Strupczewska &#8222;Uskrzydlony \u015awierk&#8221; \u00a0 Kategoria Dzieci I miejsce \u2013 Filip Mr\u00f3zek [&hellip;]<\/p>\n","protected":false},"author":2,"featured_media":2712,"comment_status":"open","ping_status":"open","sticky":false,"template":"","format":"standard","meta":{"footnotes":""},"categories":[2,39,33,32],"tags":[],"_links":{"self":[{"href":"https:\/\/mok.kowary.pl\/index.php\/wp-json\/wp\/v2\/posts\/2711"}],"collection":[{"href":"https:\/\/mok.kowary.pl\/index.php\/wp-json\/wp\/v2\/posts"}],"about":[{"href":"https:\/\/mok.kowary.pl\/index.php\/wp-json\/wp\/v2\/types\/post"}],"author":[{"embeddable":true,"href":"https:\/\/mok.kowary.pl\/index.php\/wp-json\/wp\/v2\/users\/2"}],"replies":[{"embeddable":true,"href":"https:\/\/mok.kowary.pl\/index.php\/wp-json\/wp\/v2\/comments?post=2711"}],"version-history":[{"count":1,"href":"https:\/\/mok.kowary.pl\/index.php\/wp-json\/wp\/v2\/posts\/2711\/revisions"}],"predecessor-version":[{"id":2713,"href":"https:\/\/mok.kowary.pl\/index.php\/wp-json\/wp\/v2\/posts\/2711\/revisions\/2713"}],"wp:featuredmedia":[{"embeddable":true,"href":"https:\/\/mok.kowary.pl\/index.php\/wp-json\/wp\/v2\/media\/2712"}],"wp:attachment":[{"href":"https:\/\/mok.kowary.pl\/index.php\/wp-json\/wp\/v2\/media?parent=2711"}],"wp:term":[{"taxonomy":"category","embeddable":true,"href":"https:\/\/mok.kowary.pl\/index.php\/wp-json\/wp\/v2\/categories?post=2711"},{"taxonomy":"post_tag","embeddable":true,"href":"https:\/\/mok.kowary.pl\/index.php\/wp-json\/wp\/v2\/tags?post=2711"}],"curies":[{"name":"wp","href":"https:\/\/api.w.org\/{rel}","templated":true}]}}