{"id":3263,"date":"2022-03-02T10:06:37","date_gmt":"2022-03-02T09:06:37","guid":{"rendered":"http:\/\/mok.kowary.pl\/?p=3263"},"modified":"2022-03-08T10:09:14","modified_gmt":"2022-03-08T09:09:14","slug":"marzec-w-naszym-kinie-za-rogiem","status":"publish","type":"post","link":"https:\/\/mok.kowary.pl\/index.php\/2022\/03\/02\/marzec-w-naszym-kinie-za-rogiem\/","title":{"rendered":"Marzec w naszym Kinie za Rogiem"},"content":{"rendered":"<p>Zapraszamy na seanse do naszego Kina za Rogiem. Przypominamy te\u017c, \u017ce nasz\u0105 sal\u0119 i prywatny seans mo\u017cna zam\u00f3wi\u0107 na indywidualny pokaz filmu.<\/p>\n<p><img loading=\"lazy\" decoding=\"async\" class=\"alignnone size-full wp-image-3264\" src=\"http:\/\/mok.kowary.pl\/wp-content\/uploads\/2022\/03\/kzr-maezwc-22.jpg\" alt=\"\" width=\"3508\" height=\"4961\" srcset=\"https:\/\/mok.kowary.pl\/wp-content\/uploads\/2022\/03\/kzr-maezwc-22.jpg 3508w, https:\/\/mok.kowary.pl\/wp-content\/uploads\/2022\/03\/kzr-maezwc-22-212x300.jpg 212w, https:\/\/mok.kowary.pl\/wp-content\/uploads\/2022\/03\/kzr-maezwc-22-768x1086.jpg 768w, https:\/\/mok.kowary.pl\/wp-content\/uploads\/2022\/03\/kzr-maezwc-22-724x1024.jpg 724w\" sizes=\"(max-width: 3508px) 100vw, 3508px\" \/><\/p>\n","protected":false},"excerpt":{"rendered":"<p>Zapraszamy na seanse do naszego Kina za Rogiem. Przypominamy te\u017c, \u017ce nasz\u0105 sal\u0119 i prywatny seans mo\u017cna zam\u00f3wi\u0107 na indywidualny pokaz filmu.<\/p>\n","protected":false},"author":2,"featured_media":3264,"comment_status":"open","ping_status":"open","sticky":false,"template":"","format":"standard","meta":{"footnotes":""},"categories":[2,16,4,33],"tags":[],"_links":{"self":[{"href":"https:\/\/mok.kowary.pl\/index.php\/wp-json\/wp\/v2\/posts\/3263"}],"collection":[{"href":"https:\/\/mok.kowary.pl\/index.php\/wp-json\/wp\/v2\/posts"}],"about":[{"href":"https:\/\/mok.kowary.pl\/index.php\/wp-json\/wp\/v2\/types\/post"}],"author":[{"embeddable":true,"href":"https:\/\/mok.kowary.pl\/index.php\/wp-json\/wp\/v2\/users\/2"}],"replies":[{"embeddable":true,"href":"https:\/\/mok.kowary.pl\/index.php\/wp-json\/wp\/v2\/comments?post=3263"}],"version-history":[{"count":1,"href":"https:\/\/mok.kowary.pl\/index.php\/wp-json\/wp\/v2\/posts\/3263\/revisions"}],"predecessor-version":[{"id":3265,"href":"https:\/\/mok.kowary.pl\/index.php\/wp-json\/wp\/v2\/posts\/3263\/revisions\/3265"}],"wp:featuredmedia":[{"embeddable":true,"href":"https:\/\/mok.kowary.pl\/index.php\/wp-json\/wp\/v2\/media\/3264"}],"wp:attachment":[{"href":"https:\/\/mok.kowary.pl\/index.php\/wp-json\/wp\/v2\/media?parent=3263"}],"wp:term":[{"taxonomy":"category","embeddable":true,"href":"https:\/\/mok.kowary.pl\/index.php\/wp-json\/wp\/v2\/categories?post=3263"},{"taxonomy":"post_tag","embeddable":true,"href":"https:\/\/mok.kowary.pl\/index.php\/wp-json\/wp\/v2\/tags?post=3263"}],"curies":[{"name":"wp","href":"https:\/\/api.w.org\/{rel}","templated":true}]}}