{"id":3534,"date":"2022-05-21T15:20:07","date_gmt":"2022-05-21T13:20:07","guid":{"rendered":"http:\/\/mok.kowary.pl\/?p=3534"},"modified":"2022-05-22T08:04:23","modified_gmt":"2022-05-22T06:04:23","slug":"3534","status":"publish","type":"post","link":"https:\/\/mok.kowary.pl\/index.php\/2022\/05\/21\/3534\/","title":{"rendered":"Konkurs fotograficzny rozstrzygni\u0119ty"},"content":{"rendered":"<div class=\"kvgmc6g5 cxmmr5t8 oygrvhab hcukyx3x c1et5uql ii04i59q\">\n<div dir=\"auto\">Rozstrzygn\u0119li\u015bmy nasz\u00a0<strong>Polsko-czeski konkurs fotograficzny \u201eKarkonosze \u2013 ojczyzna wielu narod\u00f3w\u201d <\/strong><\/div>\n<div dir=\"auto\"><img loading=\"lazy\" decoding=\"async\" class=\"alignnone size-full wp-image-3540\" src=\"http:\/\/mok.kowary.pl\/wp-content\/uploads\/2022\/05\/AK-konkurs-foto-PLAKAT-wernisa\u017c-CZ-2.jpg\" alt=\"\" width=\"1754\" height=\"2480\" srcset=\"https:\/\/mok.kowary.pl\/wp-content\/uploads\/2022\/05\/AK-konkurs-foto-PLAKAT-wernisa\u017c-CZ-2.jpg 1754w, https:\/\/mok.kowary.pl\/wp-content\/uploads\/2022\/05\/AK-konkurs-foto-PLAKAT-wernisa\u017c-CZ-2-212x300.jpg 212w, https:\/\/mok.kowary.pl\/wp-content\/uploads\/2022\/05\/AK-konkurs-foto-PLAKAT-wernisa\u017c-CZ-2-768x1086.jpg 768w, https:\/\/mok.kowary.pl\/wp-content\/uploads\/2022\/05\/AK-konkurs-foto-PLAKAT-wernisa\u017c-CZ-2-724x1024.jpg 724w\" sizes=\"(max-width: 1754px) 100vw, 1754px\" \/> <img loading=\"lazy\" decoding=\"async\" class=\"alignnone size-full wp-image-3541\" src=\"http:\/\/mok.kowary.pl\/wp-content\/uploads\/2022\/05\/AK-konkurs-foto-PLAKAT-wernisa\u017c-PL-1.jpg\" alt=\"\" width=\"1754\" height=\"2480\" srcset=\"https:\/\/mok.kowary.pl\/wp-content\/uploads\/2022\/05\/AK-konkurs-foto-PLAKAT-wernisa\u017c-PL-1.jpg 1754w, https:\/\/mok.kowary.pl\/wp-content\/uploads\/2022\/05\/AK-konkurs-foto-PLAKAT-wernisa\u017c-PL-1-212x300.jpg 212w, https:\/\/mok.kowary.pl\/wp-content\/uploads\/2022\/05\/AK-konkurs-foto-PLAKAT-wernisa\u017c-PL-1-768x1086.jpg 768w, https:\/\/mok.kowary.pl\/wp-content\/uploads\/2022\/05\/AK-konkurs-foto-PLAKAT-wernisa\u017c-PL-1-724x1024.jpg 724w\" sizes=\"(max-width: 1754px) 100vw, 1754px\" \/><\/div>\n<\/div>\n<div class=\"cxmmr5t8 oygrvhab hcukyx3x c1et5uql o9v6fnle ii04i59q\">\n<div dir=\"auto\">Protok\u00f3\u0142 obrad jury<\/div>\n<div dir=\"auto\">W dniu 19.05.2022 r. w Miejskim O\u015brodku Kultury w Kowarach odby\u0142o si\u0119 posiedzenie jury polsko-czeskiego konkursu \u201eKarkonosze \u2013 ojczyzna wielu narod\u00f3w.<\/div>\n<div dir=\"auto\">W konkursie wzi\u0119\u0142o udzia\u0142 11 autor\u00f3w, kt\u00f3rzy przys\u0142ali 27 fotografii.<\/div>\n<\/div>\n<div class=\"cxmmr5t8 oygrvhab hcukyx3x c1et5uql o9v6fnle ii04i59q\">\n<div dir=\"auto\">Jury w sk\u0142adzie:<\/div>\n<\/div>\n<div class=\"cxmmr5t8 oygrvhab hcukyx3x c1et5uql o9v6fnle ii04i59q\">\n<div dir=\"auto\">Wojciech Miatkowski, przewodnicz\u0105cy jury, fotografik Zwi\u0105zku Polskich Artyst\u00f3w Fotografik\u00f3w,<\/div>\n<div dir=\"auto\">Dariusz Kali\u0144ski, dyrektor MOK Kowary,<\/div>\n<div dir=\"auto\">Agnieszka Jakubik, MOK Kowary,<\/div>\n<div dir=\"auto\">Adam Winiarski, MOK Kowary<\/div>\n<\/div>\n<div class=\"cxmmr5t8 oygrvhab hcukyx3x c1et5uql o9v6fnle ii04i59q\">\n<div dir=\"auto\">zdecydowa\u0142o o przyznaniu nagr\u00f3d nast\u0119puj\u0105cym uczestnikom:<\/div>\n<\/div>\n<div class=\"cxmmr5t8 oygrvhab hcukyx3x c1et5uql o9v6fnle ii04i59q\">\n<div dir=\"auto\">Nagroda \u2013 pani Miroslava Sch\u00e4rfnerov\u00e1 z Republiki Czeskiej za fotografi\u0119 M\u00edsto setk\u00e1v\u00e1n\u00ed i odch\u00e1zen\u00ed n\u00e1rod\u016f<\/div>\n<div dir=\"auto\">Nagroda \u2013 pan Marcin Matczak z Polski za fotografi\u0119 Dwa \u015bwiaty<\/div>\n<div dir=\"auto\">Nagroda \u2013 pan Petr \u010capek z Republiki Czeskiej za fotografi\u0119 Krajina n\u00e1rod\u016f<\/div>\n<\/div>\n<div class=\"cxmmr5t8 oygrvhab hcukyx3x c1et5uql o9v6fnle ii04i59q\">\n<div dir=\"auto\">Jednocze\u015bnie jury informuje, \u017ce na wystawie pokonkursowej zaprezentowane zostan\u0105 prace nast\u0119puj\u0105cych autor\u00f3w:<\/div>\n<\/div>\n<div class=\"cxmmr5t8 oygrvhab hcukyx3x c1et5uql o9v6fnle ii04i59q\">\n<div dir=\"auto\">Baranowski Cyprian<\/div>\n<div dir=\"auto\">\u010capek Petr<\/div>\n<div dir=\"auto\">Domaga\u0142a Wojciech<\/div>\n<div dir=\"auto\">Goetze Dariusz<\/div>\n<div dir=\"auto\">Goetze Hanna<\/div>\n<div dir=\"auto\">Matczak Marcin<\/div>\n<div dir=\"auto\">Miatkowska Pola<\/div>\n<div dir=\"auto\">Mielech Tomasz<\/div>\n<div dir=\"auto\">Nowak Alicja<\/div>\n<div dir=\"auto\">Sch\u00e4rfnerov\u00e1 Miroslava<\/div>\n<div dir=\"auto\">Tryla\u0144ski Zygmunt<\/div>\n<\/div>\n<div class=\"cxmmr5t8 oygrvhab hcukyx3x c1et5uql o9v6fnle ii04i59q\">\n<div dir=\"auto\">Wernisa\u017c wystawy pokonkursowej odb\u0119dzie si\u0119 Miejskim O\u015brodku Kultury w Kowarach przy ul. Szkolnej 2 w dniu 25 maja 2022 r. o godzinie 12.00.<\/div>\n<div dir=\"auto\">Wr\u0119czenie nagr\u00f3d i dyplom\u00f3w odb\u0119dzie si\u0119 podczas wernisa\u017cu. Uczestnikom nieobecnym podczas wernisa\u017cu nagrody zostan\u0105 wys\u0142ane poczt\u0105.<\/div>\n<div dir=\"auto\">Laureatom trzech pierwszych miejsc zapewniamy udzia\u0142 w warsztatach fotograficznych, o kt\u00f3rych terminie poinformujemy w osobnym komunikacie.<\/div>\n<\/div>\n<div class=\"cxmmr5t8 oygrvhab hcukyx3x c1et5uql o9v6fnle ii04i59q\">\n<div dir=\"auto\">Informacja o wynikach konkursu zostanie rozes\u0142ana do wszystkich uczestnik\u00f3w drog\u0105 mailow\u0105 i zostanie zamieszczona na fanpage\u2019u konkursu na facebooku.<\/div>\n<\/div>\n<div class=\"cxmmr5t8 oygrvhab hcukyx3x c1et5uql o9v6fnle ii04i59q\">\n<div dir=\"auto\">Polsko-czeski konkurs fotograficzny \u201eKarkonosze \u2013 ojczyzna wielu narod\u00f3w\u201d<\/div>\n<\/div>\n<div class=\"cxmmr5t8 oygrvhab hcukyx3x c1et5uql o9v6fnle ii04i59q\">\n<div dir=\"auto\">Protok\u00f3\u0142 obrad jury<\/div>\n<\/div>\n<div class=\"cxmmr5t8 oygrvhab hcukyx3x c1et5uql o9v6fnle ii04i59q\">\n<div dir=\"auto\">W dniu 19.05.2022 r. w Miejskim O\u015brodku Kultury w Kowarach odby\u0142o si\u0119 posiedzenie jury polsko-czeskiego konkursu \u201eKarkonosze \u2013 ojczyzna wielu narod\u00f3w.<\/div>\n<div dir=\"auto\">W konkursie wzi\u0119\u0142o udzia\u0142 11 autor\u00f3w, kt\u00f3rzy przys\u0142ali 27 fotografii.<\/div>\n<\/div>\n<div class=\"cxmmr5t8 oygrvhab hcukyx3x c1et5uql o9v6fnle ii04i59q\">\n<div dir=\"auto\">Jury w sk\u0142adzie:<\/div>\n<\/div>\n<div class=\"cxmmr5t8 oygrvhab hcukyx3x c1et5uql o9v6fnle ii04i59q\">\n<div dir=\"auto\">Wojciech Miatkowski, przewodnicz\u0105cy jury, fotografik Zwi\u0105zku Polskich Artyst\u00f3w Fotografik\u00f3w,<\/div>\n<div dir=\"auto\">Dariusz Kali\u0144ski, dyrektor MOK Kowary,<\/div>\n<div dir=\"auto\">Agnieszka Jakubik, MOK Kowary,<\/div>\n<div dir=\"auto\">Adam Winiarski, MOK Kowary<\/div>\n<\/div>\n<div class=\"cxmmr5t8 oygrvhab hcukyx3x c1et5uql o9v6fnle ii04i59q\">\n<div dir=\"auto\">zdecydowa\u0142o o przyznaniu nagr\u00f3d nast\u0119puj\u0105cym uczestnikom:<\/div>\n<\/div>\n<div class=\"cxmmr5t8 oygrvhab hcukyx3x c1et5uql o9v6fnle ii04i59q\">\n<div dir=\"auto\">Nagroda \u2013 pani Miroslava Sch\u00e4rfnerov\u00e1 z Republiki Czeskiej za fotografi\u0119 M\u00edsto setk\u00e1v\u00e1n\u00ed i odch\u00e1zen\u00ed n\u00e1rod\u016f<\/div>\n<div dir=\"auto\">Nagroda \u2013 pan Marcin Matczak z Polski za fotografi\u0119 Dwa \u015bwiaty<\/div>\n<div dir=\"auto\">Nagroda \u2013 pan Petr \u010capek z Republiki Czeskiej za fotografi\u0119 Krajina n\u00e1rod\u016f<\/div>\n<\/div>\n<div class=\"cxmmr5t8 oygrvhab hcukyx3x c1et5uql o9v6fnle ii04i59q\">\n<div dir=\"auto\">Jednocze\u015bnie jury informuje, \u017ce na wystawie pokonkursowej zaprezentowane zostan\u0105 prace nast\u0119puj\u0105cych autor\u00f3w:<\/div>\n<\/div>\n<div class=\"cxmmr5t8 oygrvhab hcukyx3x c1et5uql o9v6fnle ii04i59q\">\n<div dir=\"auto\">Baranowski Cyprian<\/div>\n<div dir=\"auto\">\u010capek Petr<\/div>\n<div dir=\"auto\">Domaga\u0142a Wojciech<\/div>\n<div dir=\"auto\">Goetze Dariusz<\/div>\n<div dir=\"auto\">Goetze Hanna<\/div>\n<div dir=\"auto\">Matczak Marcin<\/div>\n<div dir=\"auto\">Miatkowska Pola<\/div>\n<div dir=\"auto\">Mielech Tomasz<\/div>\n<div dir=\"auto\">Nowak Alicja<\/div>\n<div dir=\"auto\">Sch\u00e4rfnerov\u00e1 Miroslava<\/div>\n<div dir=\"auto\">Tryla\u0144ski Zygmunt<\/div>\n<\/div>\n<div class=\"cxmmr5t8 oygrvhab hcukyx3x c1et5uql o9v6fnle ii04i59q\">\n<div dir=\"auto\">Wernisa\u017c wystawy pokonkursowej odb\u0119dzie si\u0119 Miejskim O\u015brodku Kultury w Kowarach przy ul. Szkolnej 2 w dniu 25 maja 2022 r. o godzinie 12.00.<\/div>\n<div dir=\"auto\">Wr\u0119czenie nagr\u00f3d i dyplom\u00f3w odb\u0119dzie si\u0119 podczas wernisa\u017cu. Uczestnikom nieobecnym podczas wernisa\u017cu nagrody zostan\u0105 wys\u0142ane poczt\u0105.<\/div>\n<div dir=\"auto\">Laureatom trzech pierwszych miejsc zapewniamy udzia\u0142 w warsztatach fotograficznych, o kt\u00f3rych terminie poinformujemy w osobnym komunikacie.<\/div>\n<\/div>\n<div class=\"cxmmr5t8 oygrvhab hcukyx3x c1et5uql o9v6fnle ii04i59q\">\n<div dir=\"auto\">Informacja o wynikach konkursu zostanie rozes\u0142ana do wszystkich uczestnik\u00f3w drog\u0105 mailow\u0105 i zostanie zamieszczona na fanpage\u2019u konkursu na facebooku.<\/div>\n<\/div>\n","protected":false},"excerpt":{"rendered":"<p>Rozstrzygn\u0119li\u015bmy nasz\u00a0Polsko-czeski konkurs fotograficzny \u201eKarkonosze \u2013 ojczyzna wielu narod\u00f3w\u201d Protok\u00f3\u0142 obrad jury W dniu 19.05.2022 r. w Miejskim O\u015brodku Kultury w Kowarach odby\u0142o si\u0119 posiedzenie jury polsko-czeskiego konkursu \u201eKarkonosze \u2013 ojczyzna wielu narod\u00f3w. W konkursie wzi\u0119\u0142o udzia\u0142 11 autor\u00f3w, kt\u00f3rzy przys\u0142ali 27 fotografii. Jury w sk\u0142adzie: Wojciech Miatkowski, przewodnicz\u0105cy jury, fotografik Zwi\u0105zku Polskich Artyst\u00f3w Fotografik\u00f3w, [&hellip;]<\/p>\n","protected":false},"author":2,"featured_media":3541,"comment_status":"open","ping_status":"open","sticky":false,"template":"","format":"standard","meta":{"footnotes":""},"categories":[2,39,32,25],"tags":[],"_links":{"self":[{"href":"https:\/\/mok.kowary.pl\/index.php\/wp-json\/wp\/v2\/posts\/3534"}],"collection":[{"href":"https:\/\/mok.kowary.pl\/index.php\/wp-json\/wp\/v2\/posts"}],"about":[{"href":"https:\/\/mok.kowary.pl\/index.php\/wp-json\/wp\/v2\/types\/post"}],"author":[{"embeddable":true,"href":"https:\/\/mok.kowary.pl\/index.php\/wp-json\/wp\/v2\/users\/2"}],"replies":[{"embeddable":true,"href":"https:\/\/mok.kowary.pl\/index.php\/wp-json\/wp\/v2\/comments?post=3534"}],"version-history":[{"count":3,"href":"https:\/\/mok.kowary.pl\/index.php\/wp-json\/wp\/v2\/posts\/3534\/revisions"}],"predecessor-version":[{"id":3542,"href":"https:\/\/mok.kowary.pl\/index.php\/wp-json\/wp\/v2\/posts\/3534\/revisions\/3542"}],"wp:featuredmedia":[{"embeddable":true,"href":"https:\/\/mok.kowary.pl\/index.php\/wp-json\/wp\/v2\/media\/3541"}],"wp:attachment":[{"href":"https:\/\/mok.kowary.pl\/index.php\/wp-json\/wp\/v2\/media?parent=3534"}],"wp:term":[{"taxonomy":"category","embeddable":true,"href":"https:\/\/mok.kowary.pl\/index.php\/wp-json\/wp\/v2\/categories?post=3534"},{"taxonomy":"post_tag","embeddable":true,"href":"https:\/\/mok.kowary.pl\/index.php\/wp-json\/wp\/v2\/tags?post=3534"}],"curies":[{"name":"wp","href":"https:\/\/api.w.org\/{rel}","templated":true}]}}