{"id":3555,"date":"2022-05-25T16:58:36","date_gmt":"2022-05-25T14:58:36","guid":{"rendered":"http:\/\/mok.kowary.pl\/?p=3555"},"modified":"2022-05-25T16:58:39","modified_gmt":"2022-05-25T14:58:39","slug":"wystawa-fotograficzna","status":"publish","type":"post","link":"https:\/\/mok.kowary.pl\/index.php\/2022\/05\/25\/wystawa-fotograficzna\/","title":{"rendered":"Wystawa fotograficzna"},"content":{"rendered":"<div class=\"\" data-block=\"true\" data-editor=\"68c1u\" data-offset-key=\"bcbs8-0-0\">\n<div class=\"_1mf _1mj\" data-offset-key=\"bcbs8-0-0\"><span data-offset-key=\"bcbs8-0-0\">Do ko\u0144ca czerwca mo\u017cna w holu budynku <\/span><span class=\"diy96o5h\" spellcheck=\"false\" data-offset-key=\"bcbs8-1-0\"><span data-offset-key=\"bcbs8-1-0\">Miejski O\u015brodek Kultury w Kowarach<\/span><\/span><span data-offset-key=\"bcbs8-2-0\"> ogl\u0105da\u0107 wystaw\u0119 pokonkursow\u0105 &#8222;Karkonosze ojczyzna wielu narod\u00f3w&#8221;.<\/span><\/div>\n<\/div>\n<div class=\"\" data-block=\"true\" data-editor=\"68c1u\" data-offset-key=\"il7o-0-0\">\n<div class=\"_1mf _1mj\" data-offset-key=\"il7o-0-0\"><span data-offset-key=\"il7o-0-0\">Zapraszamy od poniedzia\u0142ku do piatku w godz. 9.00 &#8211; 20.00 i w soboty w godz. 9.00 &#8211; 13.00 i 16.00 &#8211; 20.00<\/span><\/div>\n<\/div>\n<div class=\"\" data-block=\"true\" data-editor=\"68c1u\" data-offset-key=\"4f75t-0-0\">\n<div class=\"_1mf _1mj\" data-offset-key=\"4f75t-0-0\"><span data-offset-key=\"4f75t-0-0\">\u00a0<\/span><\/div>\n<\/div>\n<div class=\"\" data-block=\"true\" data-editor=\"68c1u\" data-offset-key=\"8lo65-0-0\">\n<div class=\"_1mf _1mj\" data-offset-key=\"8lo65-0-0\"><span data-offset-key=\"8lo65-0-0\">Ocalmy pami\u0119\u0107 Karkonoszy! Projekt wsp\u00f3\u0142finansowany ze \u015brodk\u00f3w UE w ramach<\/span><\/div>\n<\/div>\n<div class=\"\" data-block=\"true\" data-editor=\"68c1u\" data-offset-key=\"cgk55-0-0\">\n<div class=\"_1mf _1mj\" data-offset-key=\"cgk55-0-0\"><span data-offset-key=\"cgk55-0-0\">Europejskiego Funduszu Rozwoju Regionalnego<\/span><\/div>\n<\/div>\n<div class=\"\" data-block=\"true\" data-editor=\"68c1u\" data-offset-key=\"9j6rq-0-0\">\n<div class=\"_1mf _1mj\" data-offset-key=\"9j6rq-0-0\"><span data-offset-key=\"9j6rq-0-0\">Program: Interreg V-A Republika Czeska \u2014 Polska O\u015b priorytetowa 4:<\/span><\/div>\n<\/div>\n<div class=\"\" data-block=\"true\" data-editor=\"68c1u\" data-offset-key=\"124a0-0-0\">\n<div class=\"_1mf _1mj\" data-offset-key=\"124a0-0-0\"><span data-offset-key=\"124a0-0-0\">NR: CZ.11.4.120\/0.0\/0.0\/17_028\/0001630<img loading=\"lazy\" decoding=\"async\" class=\"alignnone size-full wp-image-3556\" src=\"http:\/\/mok.kowary.pl\/wp-content\/uploads\/2022\/05\/1001443.jpg\" alt=\"\" width=\"5184\" height=\"3888\" srcset=\"https:\/\/mok.kowary.pl\/wp-content\/uploads\/2022\/05\/1001443.jpg 5184w, https:\/\/mok.kowary.pl\/wp-content\/uploads\/2022\/05\/1001443-300x225.jpg 300w, https:\/\/mok.kowary.pl\/wp-content\/uploads\/2022\/05\/1001443-768x576.jpg 768w, https:\/\/mok.kowary.pl\/wp-content\/uploads\/2022\/05\/1001443-1024x768.jpg 1024w\" sizes=\"(max-width: 5184px) 100vw, 5184px\" \/> <img loading=\"lazy\" decoding=\"async\" class=\"alignnone size-full wp-image-3557\" src=\"http:\/\/mok.kowary.pl\/wp-content\/uploads\/2022\/05\/1001442.jpg\" alt=\"\" width=\"5184\" height=\"3888\" srcset=\"https:\/\/mok.kowary.pl\/wp-content\/uploads\/2022\/05\/1001442.jpg 5184w, https:\/\/mok.kowary.pl\/wp-content\/uploads\/2022\/05\/1001442-300x225.jpg 300w, https:\/\/mok.kowary.pl\/wp-content\/uploads\/2022\/05\/1001442-768x576.jpg 768w, https:\/\/mok.kowary.pl\/wp-content\/uploads\/2022\/05\/1001442-1024x768.jpg 1024w\" sizes=\"(max-width: 5184px) 100vw, 5184px\" \/> <img loading=\"lazy\" decoding=\"async\" class=\"alignnone size-full wp-image-3558\" src=\"http:\/\/mok.kowary.pl\/wp-content\/uploads\/2022\/05\/1001429.jpg\" alt=\"\" width=\"5184\" height=\"3888\" srcset=\"https:\/\/mok.kowary.pl\/wp-content\/uploads\/2022\/05\/1001429.jpg 5184w, https:\/\/mok.kowary.pl\/wp-content\/uploads\/2022\/05\/1001429-300x225.jpg 300w, https:\/\/mok.kowary.pl\/wp-content\/uploads\/2022\/05\/1001429-768x576.jpg 768w, https:\/\/mok.kowary.pl\/wp-content\/uploads\/2022\/05\/1001429-1024x768.jpg 1024w\" sizes=\"(max-width: 5184px) 100vw, 5184px\" \/> <img loading=\"lazy\" decoding=\"async\" class=\"alignnone size-full wp-image-3559\" src=\"http:\/\/mok.kowary.pl\/wp-content\/uploads\/2022\/05\/1001421.jpg\" alt=\"\" width=\"5184\" height=\"3888\" srcset=\"https:\/\/mok.kowary.pl\/wp-content\/uploads\/2022\/05\/1001421.jpg 5184w, https:\/\/mok.kowary.pl\/wp-content\/uploads\/2022\/05\/1001421-300x225.jpg 300w, https:\/\/mok.kowary.pl\/wp-content\/uploads\/2022\/05\/1001421-768x576.jpg 768w, https:\/\/mok.kowary.pl\/wp-content\/uploads\/2022\/05\/1001421-1024x768.jpg 1024w\" sizes=\"(max-width: 5184px) 100vw, 5184px\" \/> <img loading=\"lazy\" decoding=\"async\" class=\"alignnone size-full wp-image-3560\" src=\"http:\/\/mok.kowary.pl\/wp-content\/uploads\/2022\/05\/1001419.jpg\" alt=\"\" width=\"5184\" height=\"3888\" srcset=\"https:\/\/mok.kowary.pl\/wp-content\/uploads\/2022\/05\/1001419.jpg 5184w, https:\/\/mok.kowary.pl\/wp-content\/uploads\/2022\/05\/1001419-300x225.jpg 300w, https:\/\/mok.kowary.pl\/wp-content\/uploads\/2022\/05\/1001419-768x576.jpg 768w, https:\/\/mok.kowary.pl\/wp-content\/uploads\/2022\/05\/1001419-1024x768.jpg 1024w\" sizes=\"(max-width: 5184px) 100vw, 5184px\" \/> <img loading=\"lazy\" decoding=\"async\" class=\"alignnone size-full wp-image-3561\" src=\"http:\/\/mok.kowary.pl\/wp-content\/uploads\/2022\/05\/1001418.jpg\" alt=\"\" width=\"5184\" height=\"3888\" srcset=\"https:\/\/mok.kowary.pl\/wp-content\/uploads\/2022\/05\/1001418.jpg 5184w, https:\/\/mok.kowary.pl\/wp-content\/uploads\/2022\/05\/1001418-300x225.jpg 300w, https:\/\/mok.kowary.pl\/wp-content\/uploads\/2022\/05\/1001418-768x576.jpg 768w, https:\/\/mok.kowary.pl\/wp-content\/uploads\/2022\/05\/1001418-1024x768.jpg 1024w\" sizes=\"(max-width: 5184px) 100vw, 5184px\" \/> <img loading=\"lazy\" decoding=\"async\" class=\"alignnone size-full wp-image-3562\" src=\"http:\/\/mok.kowary.pl\/wp-content\/uploads\/2022\/05\/1001416.jpg\" alt=\"\" width=\"5184\" height=\"3888\" srcset=\"https:\/\/mok.kowary.pl\/wp-content\/uploads\/2022\/05\/1001416.jpg 5184w, https:\/\/mok.kowary.pl\/wp-content\/uploads\/2022\/05\/1001416-300x225.jpg 300w, https:\/\/mok.kowary.pl\/wp-content\/uploads\/2022\/05\/1001416-768x576.jpg 768w, https:\/\/mok.kowary.pl\/wp-content\/uploads\/2022\/05\/1001416-1024x768.jpg 1024w\" sizes=\"(max-width: 5184px) 100vw, 5184px\" \/><\/span><\/div>\n<\/div>\n","protected":false},"excerpt":{"rendered":"<p>Do ko\u0144ca czerwca mo\u017cna w holu budynku Miejski O\u015brodek Kultury w Kowarach ogl\u0105da\u0107 wystaw\u0119 pokonkursow\u0105 &#8222;Karkonosze ojczyzna wielu narod\u00f3w&#8221;. Zapraszamy od poniedzia\u0142ku do piatku w godz. 9.00 &#8211; 20.00 i w soboty w godz. 9.00 &#8211; 13.00 i 16.00 &#8211; 20.00 \u00a0 Ocalmy pami\u0119\u0107 Karkonoszy! Projekt wsp\u00f3\u0142finansowany ze \u015brodk\u00f3w UE w ramach Europejskiego Funduszu Rozwoju [&hellip;]<\/p>\n","protected":false},"author":2,"featured_media":3562,"comment_status":"open","ping_status":"open","sticky":false,"template":"","format":"standard","meta":{"footnotes":""},"categories":[2,39,33,25],"tags":[],"_links":{"self":[{"href":"https:\/\/mok.kowary.pl\/index.php\/wp-json\/wp\/v2\/posts\/3555"}],"collection":[{"href":"https:\/\/mok.kowary.pl\/index.php\/wp-json\/wp\/v2\/posts"}],"about":[{"href":"https:\/\/mok.kowary.pl\/index.php\/wp-json\/wp\/v2\/types\/post"}],"author":[{"embeddable":true,"href":"https:\/\/mok.kowary.pl\/index.php\/wp-json\/wp\/v2\/users\/2"}],"replies":[{"embeddable":true,"href":"https:\/\/mok.kowary.pl\/index.php\/wp-json\/wp\/v2\/comments?post=3555"}],"version-history":[{"count":1,"href":"https:\/\/mok.kowary.pl\/index.php\/wp-json\/wp\/v2\/posts\/3555\/revisions"}],"predecessor-version":[{"id":3563,"href":"https:\/\/mok.kowary.pl\/index.php\/wp-json\/wp\/v2\/posts\/3555\/revisions\/3563"}],"wp:featuredmedia":[{"embeddable":true,"href":"https:\/\/mok.kowary.pl\/index.php\/wp-json\/wp\/v2\/media\/3562"}],"wp:attachment":[{"href":"https:\/\/mok.kowary.pl\/index.php\/wp-json\/wp\/v2\/media?parent=3555"}],"wp:term":[{"taxonomy":"category","embeddable":true,"href":"https:\/\/mok.kowary.pl\/index.php\/wp-json\/wp\/v2\/categories?post=3555"},{"taxonomy":"post_tag","embeddable":true,"href":"https:\/\/mok.kowary.pl\/index.php\/wp-json\/wp\/v2\/tags?post=3555"}],"curies":[{"name":"wp","href":"https:\/\/api.w.org\/{rel}","templated":true}]}}