{"id":5282,"date":"2025-06-03T09:59:29","date_gmt":"2025-06-03T07:59:29","guid":{"rendered":"https:\/\/mok.kowary.pl\/?p=5282"},"modified":"2025-06-03T09:59:29","modified_gmt":"2025-06-03T07:59:29","slug":"koncert-kor-i-animacje-klauna-jejku","status":"publish","type":"post","link":"https:\/\/mok.kowary.pl\/index.php\/2025\/06\/03\/koncert-kor-i-animacje-klauna-jejku\/","title":{"rendered":"Koncert KOR i animacje Klauna Jejku"},"content":{"rendered":"\n<p>ZAPRASZAMY NA wyst\u0119p<br>KOWARSKIEJ ORKIESTRY ROZRYWKOWEJ<br>w trakcie wyst\u0119pu animacje poprowadzi &#8211; KLAUN JEJKU<\/p>\n\n\n\n<p>\ud83d\udcc5 7\/06\/25<\/p>\n\n\n\n<p>PROGRAM:<br>\u2022 15:00 \u2013 Wyst\u0119p Orkiestry<br>\u2022 15:30 \u2013 Animacje Klauna Jejku<br>\u2022 16:00 \u2013 Wyst\u0119p m\u0142odzie\u017cowego sk\u0142adu KOR<br>\u2022 16:30 \u2013 Animacje<br>\u2022 17:00 \u2013 Wyst\u0119p KOR<br>\u2022 17:30 \u2013 Animacje<\/p>\n\n\n\n<p>\u2e3b<br>\ud83d\udccd Scena przy ul. Jagiello\u0144czyka<br>\ud83d\udd52 Godz.: 15:00<\/p>\n\n\n\n<figure class=\"wp-block-image size-large\"><img loading=\"lazy\" decoding=\"async\" width=\"724\" height=\"1024\" src=\"https:\/\/mok.kowary.pl\/wp-content\/uploads\/2025\/06\/Bezowy-i-Niebieski-Ilustrow-any-Dzien-Dziecka-Plakat-724x1024.png\" alt=\"\" class=\"wp-image-5283\" srcset=\"https:\/\/mok.kowary.pl\/wp-content\/uploads\/2025\/06\/Bezowy-i-Niebieski-Ilustrow-any-Dzien-Dziecka-Plakat-724x1024.png 724w, https:\/\/mok.kowary.pl\/wp-content\/uploads\/2025\/06\/Bezowy-i-Niebieski-Ilustrow-any-Dzien-Dziecka-Plakat-212x300.png 212w, https:\/\/mok.kowary.pl\/wp-content\/uploads\/2025\/06\/Bezowy-i-Niebieski-Ilustrow-any-Dzien-Dziecka-Plakat-768x1086.png 768w, https:\/\/mok.kowary.pl\/wp-content\/uploads\/2025\/06\/Bezowy-i-Niebieski-Ilustrow-any-Dzien-Dziecka-Plakat-1086x1536.png 1086w, https:\/\/mok.kowary.pl\/wp-content\/uploads\/2025\/06\/Bezowy-i-Niebieski-Ilustrow-any-Dzien-Dziecka-Plakat-1448x2048.png 1448w, https:\/\/mok.kowary.pl\/wp-content\/uploads\/2025\/06\/Bezowy-i-Niebieski-Ilustrow-any-Dzien-Dziecka-Plakat.png 1587w\" sizes=\"(max-width: 724px) 100vw, 724px\" \/><\/figure>\n","protected":false},"excerpt":{"rendered":"<p>ZAPRASZAMY NA wyst\u0119pKOWARSKIEJ ORKIESTRY ROZRYWKOWEJw trakcie wyst\u0119pu animacje poprowadzi &#8211; KLAUN JEJKU \ud83d\udcc5 7\/06\/25 PROGRAM:\u2022 15:00 \u2013 Wyst\u0119p Orkiestry\u2022 15:30 \u2013 Animacje Klauna Jejku\u2022 16:00 \u2013 Wyst\u0119p m\u0142odzie\u017cowego sk\u0142adu KOR\u2022 16:30 \u2013 Animacje\u2022 17:00 \u2013 Wyst\u0119p KOR\u2022 17:30 \u2013 Animacje \u2e3b\ud83d\udccd Scena przy ul. Jagiello\u0144czyka\ud83d\udd52 Godz.: 15:00<\/p>\n","protected":false},"author":2,"featured_media":5283,"comment_status":"open","ping_status":"open","sticky":false,"template":"","format":"standard","meta":{"footnotes":""},"categories":[2,16,27,28,5,33,1],"tags":[],"_links":{"self":[{"href":"https:\/\/mok.kowary.pl\/index.php\/wp-json\/wp\/v2\/posts\/5282"}],"collection":[{"href":"https:\/\/mok.kowary.pl\/index.php\/wp-json\/wp\/v2\/posts"}],"about":[{"href":"https:\/\/mok.kowary.pl\/index.php\/wp-json\/wp\/v2\/types\/post"}],"author":[{"embeddable":true,"href":"https:\/\/mok.kowary.pl\/index.php\/wp-json\/wp\/v2\/users\/2"}],"replies":[{"embeddable":true,"href":"https:\/\/mok.kowary.pl\/index.php\/wp-json\/wp\/v2\/comments?post=5282"}],"version-history":[{"count":1,"href":"https:\/\/mok.kowary.pl\/index.php\/wp-json\/wp\/v2\/posts\/5282\/revisions"}],"predecessor-version":[{"id":5284,"href":"https:\/\/mok.kowary.pl\/index.php\/wp-json\/wp\/v2\/posts\/5282\/revisions\/5284"}],"wp:featuredmedia":[{"embeddable":true,"href":"https:\/\/mok.kowary.pl\/index.php\/wp-json\/wp\/v2\/media\/5283"}],"wp:attachment":[{"href":"https:\/\/mok.kowary.pl\/index.php\/wp-json\/wp\/v2\/media?parent=5282"}],"wp:term":[{"taxonomy":"category","embeddable":true,"href":"https:\/\/mok.kowary.pl\/index.php\/wp-json\/wp\/v2\/categories?post=5282"},{"taxonomy":"post_tag","embeddable":true,"href":"https:\/\/mok.kowary.pl\/index.php\/wp-json\/wp\/v2\/tags?post=5282"}],"curies":[{"name":"wp","href":"https:\/\/api.w.org\/{rel}","templated":true}]}}